[{"@context":"https:\/\/schema.org\/","@type":"Article","@id":"https:\/\/www.smpw.cz\/leginy-se-kterymi-vam-bude-teplo\/#Article","mainEntityOfPage":"https:\/\/www.smpw.cz\/leginy-se-kterymi-vam-bude-teplo\/","headline":"Leg\u00edny se kter\u00fdmi v\u00e1m bude teplo!","name":"Leg\u00edny se kter\u00fdmi v\u00e1m bude teplo!","description":"Chladn\u00e9 po\u010das\u00ed je nep\u0159\u00edjemn\u00e9 nejen pro mu\u017ee, ale tak\u00e9 hlavn\u011b pro \u017eeny, kter\u00e9 jsou daleko v\u00edce n\u00e1chyln\u011bj\u0161\u00ed na zimu! S n\u00e1mi v\u00e1m bude skute\u010dn\u011b teplo! Ka\u017ed\u00e1 \u017eena to zn\u00e1, je chladn\u00e9 po\u010das\u00ed a vy se tak mus\u00edte vzd\u00e1t kr\u00e1sn\u00fdch \u0161at\u016f, pohodln\u00fdch kra\u0165as\u016f a dal\u0161\u00edho letn\u00edho oble\u010den\u00ed, kter\u00e9 jste si tak perfektn\u011b nakoupila ve slev\u011b ve [&hellip;]","datePublished":"2022-10-08","dateModified":"2023-05-05","author":{"@type":"Person","@id":"https:\/\/www.smpw.cz\/author\/#Person","name":"","url":"https:\/\/www.smpw.cz\/author\/","identifier":1,"image":{"@type":"ImageObject","@id":"https:\/\/secure.gravatar.com\/avatar\/d89f66f31d15c86aaa67b2d500e11b783534f791bc2a93dd89895a03d043c162?s=96&d=mm&r=g","url":"https:\/\/secure.gravatar.com\/avatar\/d89f66f31d15c86aaa67b2d500e11b783534f791bc2a93dd89895a03d043c162?s=96&d=mm&r=g","height":96,"width":96}},"publisher":{"@type":"Organization","name":"smpw.cz","logo":{"@type":"ImageObject","@id":"\/logo.png","url":"\/logo.png","width":600,"height":60}},"image":{"@type":"ImageObject","@id":"https:\/\/www.smpw.cz\/wp-content\/uploads\/hosiery-g3b477a506_640.png","url":"https:\/\/www.smpw.cz\/wp-content\/uploads\/hosiery-g3b477a506_640.png","height":0,"width":0},"url":"https:\/\/www.smpw.cz\/leginy-se-kterymi-vam-bude-teplo\/","about":["Slu\u017eby"],"wordCount":494,"articleBody":"   Chladn\u00e9 po\u010das\u00ed je nep\u0159\u00edjemn\u00e9 nejen pro mu\u017ee, ale tak\u00e9 hlavn\u011b pro \u017eeny, kter\u00e9 jsou daleko v\u00edce n\u00e1chyln\u011bj\u0161\u00ed na zimu! S n\u00e1mi v\u00e1m bude skute\u010dn\u011b teplo! Ka\u017ed\u00e1 \u017eena to zn\u00e1, je chladn\u00e9 po\u010das\u00ed a vy se tak mus\u00edte vzd\u00e1t kr\u00e1sn\u00fdch \u0161at\u016f, pohodln\u00fdch kra\u0165as\u016f a dal\u0161\u00edho letn\u00edho oble\u010den\u00ed, kter\u00e9 jste si tak perfektn\u011b nakoupila ve slev\u011b ve va\u0161em obl\u00edben\u00e9m obchod\u011b. Jenom\u017ee co najednou d\u011blat, pokud se v\u00e1m do klasick\u00fdch tepl\u00fdch kalhot skute\u010dn\u011b nechce, proto\u017ee pak vypad\u00e1te jednou takov\u00e1, ne\u017e skute\u010dn\u011b jste? Jsou pro v\u00e1s nav\u00edc nepohodln\u00e9 a \u0161patn\u011b se v\u00e1m v nich cel\u00fd den sed\u00ed? My pro v\u00e1s m\u00e1me to nejlep\u0161\u00ed \u0159e\u0161en\u00ed! M\u016f\u017eeme v\u00e1m ji\u017e dnes nab\u00eddnout zateplen\u00e9 leg\u00edny d\u00e1msk\u00e9, kter\u00e9 v\u00e1s tak ochr\u00e1n\u00ed p\u0159ed nep\u0159\u00edjemnou zimou, a nav\u00edc v nich skute\u010dn\u011b budete vypadat velice dob\u0159e. Leg\u00edny jsou klasick\u00e9ho st\u0159ihu, a proto rozd\u00edl nikdo nepozn\u00e1, pouze a jen vy, proto\u017ee v\u00e1m p\u0159ilnou k t\u011blu. Vyr\u00fdsuj\u00ed v\u00e1m nav\u00edc v\u00e1\u0161 ji\u017e tak u\u017e dokonal\u00fd zade\u010dek, a mu\u017ei se za v\u00e1mi budou ot\u00e1\u010det i bez toho, ani\u017e byste tak m\u011bla kr\u00e1tkou sukni! Je tomu skute\u010dn\u011b tak, proto\u017ee my se v tom zkr\u00e1tka moc dob\u0159e vyzn\u00e1me. A komu p\u0159\u00edroda moc nenad\u011blila tak si tak\u00e9 m\u016f\u017ee zakoupit push up leg\u00edny, kter\u00e9 v\u00e1m tak zdokonal\u00ed v\u00e1\u0161 zade\u010dek. Leg\u00edny se daj\u00ed nosit jak k pleten\u00fdm \u0161at\u016fm, dlouh\u00fdm svetr\u016fm nebo tak\u00e9 k sukn\u00edm http:\/\/www.extra.cz\/vypadate-starsi-nez-ve-skutecnosti-jste-tohle-je-6-duvodu-proc-tomu-tak-je  V\u017edy z\u00e1le\u017e\u00ed jen a jen na v\u00e1s, pro jakou variantu se rozhodnete. M\u00e1me r\u016fzn\u00e9 barvy, a proto si vybere skute\u010dn\u011b ka\u017ed\u00e1 \u017eena.Klasickou barvou je v\u017edy \u010dern\u00e1, ale nemus\u00edte se b\u00e1t, \u017ee m\u00e1me jen jednu! Jak na dom\u00e1c\u00ed no\u0161en\u00ed jsou skv\u011bl\u00e9, tak i na no\u0161en\u00ed do pr\u00e1ce, proto\u017ee v nich ka\u017ed\u00e1 \u017eena vypad\u00e1 n\u00e1dhern\u011b a \u00fachvatn\u011b. Proto dlouho nev\u00e1hejte a nakupte si u n\u00e1s nov\u00e9 kousky do sv\u00e9ho \u0161atn\u00edku, a ud\u011blejte si tak po\u0159\u00e1dnou radost. Pokud snad p\u00e1nov\u00e9 sh\u00e1n\u00ed pro svou milou skv\u011bl\u00fd a vhodn\u00fd d\u00e1rek, tak u\u017e nemus\u00ed na nic \u010dekat! Kdo si nav\u00edc st\u00e1le nev\u00ed rady, ten n\u00e1s m\u016f\u017ee samoz\u0159ejm\u011b kontaktovat s jak\u00fdmkoliv dotazem, kter\u00fd r\u00e1di zodpov\u00edme. A pokud si p\u0159ejete n\u011bco jin\u00e9ho, ne\u017e jsou leg\u00edny tak se po\u0159\u00e1dn\u011b rozhl\u00e9dn\u011bte v na\u0161em e-shopu, a ur\u010dit\u011b si tak vyberete i jin\u00fd m\u00f3dn\u00ed kousek, kter\u00fd se v\u00e1m tak bude l\u00edbit.                                                                                                                                                                                                                                                                                                                                                                                          4.3\/5 - (10 votes)        "},{"@context":"https:\/\/schema.org\/","@type":"BreadcrumbList","itemListElement":[{"@type":"ListItem","position":1,"name":"Leg\u00edny se kter\u00fdmi v\u00e1m bude teplo!","item":"https:\/\/www.smpw.cz\/leginy-se-kterymi-vam-bude-teplo\/#breadcrumbitem"}]}]