[{"@context":"https:\/\/schema.org\/","@type":"Article","@id":"https:\/\/www.smpw.cz\/za-poklady-ceskeho-stredohori\/#Article","mainEntityOfPage":"https:\/\/www.smpw.cz\/za-poklady-ceskeho-stredohori\/","headline":"Za poklady \u010cesk\u00e9ho st\u0159edoho\u0159\u00ed","name":"Za poklady \u010cesk\u00e9ho st\u0159edoho\u0159\u00ed","description":"&#13; Mile\u0161ovka \u2013 v\u011btrn\u00e1 hora &#13; Kdo nevystoupal na Mile\u0161ovku, ten jako by nebyl v \u010cesk\u00e9m st\u0159edoho\u0159\u00ed. Jednak je to jeho nejvy\u0161\u0161\u00ed vrchol, ale z\u00e1rove\u0148 jde o naprost\u00fd unik\u00e1t v \u010cesk\u00e9 republice. \u0158\u00edk\u00e1 se j\u00ed zlidov\u011ble \u201ev\u011btrn\u00e1 hora\u201c, a to ze zcela zjevn\u00e9ho d\u016fvodu. Pouze 8 dn\u016f v roce tu panuje naprost\u00e9 bezv\u011bt\u0159\u00ed. Z\u00e1rove\u0148 se [&hellip;]","datePublished":"2023-05-05","dateModified":"2023-05-05","author":{"@type":"Person","@id":"https:\/\/www.smpw.cz\/author\/#Person","name":"","url":"https:\/\/www.smpw.cz\/author\/","identifier":1,"image":{"@type":"ImageObject","@id":"https:\/\/secure.gravatar.com\/avatar\/d89f66f31d15c86aaa67b2d500e11b783534f791bc2a93dd89895a03d043c162?s=96&d=mm&r=g","url":"https:\/\/secure.gravatar.com\/avatar\/d89f66f31d15c86aaa67b2d500e11b783534f791bc2a93dd89895a03d043c162?s=96&d=mm&r=g","height":96,"width":96}},"publisher":{"@type":"Organization","name":"smpw.cz","logo":{"@type":"ImageObject","@id":"\/logo.png","url":"\/logo.png","width":600,"height":60}},"image":{"@type":"ImageObject","@id":"https:\/\/www.smpw.cz\/wp-content\/uploads\/img_a329901_w2542_t1542448269.jpg","url":"https:\/\/www.smpw.cz\/wp-content\/uploads\/img_a329901_w2542_t1542448269.jpg","height":0,"width":0},"url":"https:\/\/www.smpw.cz\/za-poklady-ceskeho-stredohori\/","about":["Cestov\u00e1n\u00ed"],"wordCount":446,"articleBody":"&#13; Mile\u0161ovka \u2013 v\u011btrn\u00e1 hora&#13; Kdo nevystoupal na Mile\u0161ovku, ten jako by nebyl v \u010cesk\u00e9m st\u0159edoho\u0159\u00ed. Jednak je to jeho nejvy\u0161\u0161\u00ed vrchol, ale z\u00e1rove\u0148 jde o naprost\u00fd unik\u00e1t v \u010cesk\u00e9 republice. \u0158\u00edk\u00e1 se j\u00ed zlidov\u011ble \u201ev\u011btrn\u00e1 hora\u201c, a to ze zcela zjevn\u00e9ho d\u016fvodu. Pouze 8 dn\u016f v roce tu panuje naprost\u00e9 bezv\u011bt\u0159\u00ed. Z\u00e1rove\u0148 se tu hromad\u00ed mnoho kupovit\u00e9 obla\u010dnosti a hora doslova p\u0159itahuje blesky, tak\u00e9 proto se j\u00ed p\u0159ezd\u00edv\u00e1 Hromov\u00e1 hora.&#13; Na Mile\u0161ovku se ji\u017e n\u011bkolik des\u00edtek let po\u0159\u00e1daj\u00ed pravideln\u00e9 ka\u017edoro\u010dn\u00ed no\u010dn\u00ed v\u00fdstupy, jde o velmi p\u016fsobivou turistickou akci, nebo\u0165 zdej\u0161\u00ed v\u00fdhledy pat\u0159\u00ed k nejkr\u00e1sn\u011bj\u0161\u00edm v cel\u00e9 st\u0159edn\u00ed Evrop\u011b, a to i v noci. Na vrcholu hory se nach\u00e1z\u00ed meteorologick\u00e9 pracovi\u0161t\u011b, kter\u00e9 jen potvrzuje zna\u010dn\u00fd v\u00fdznam t\u00e9to v\u00fdjime\u010dn\u00e9 lokality.&#13; &#13; &#13; Muzeum polodrahokam\u016f&#13; Obec T\u0159ebenice je pom\u011brn\u011b nen\u00e1padn\u00e9 m\u011bste\u010dko nedaleko Lovosic, p\u0159esto tu m\u016f\u017eete shl\u00e9dnout zaj\u00edmavou expozici \u0161perk\u016f, kter\u00e9 jsou typick\u00e9 pro zdej\u0161\u00ed oblast. \u0158\u00edk\u00e1 se jim \u010cesk\u00fd gran\u00e1t a tyto polodrahokamy byly pom\u011brn\u011b roz\u0161\u00ed\u0159en\u00e9 pr\u00e1v\u011b v oblasti \u010cesk\u00e9ho st\u0159edoho\u0159\u00ed. Souvis\u00ed se sope\u010dnou \u010dinnost\u00ed, ostatn\u011b v\u011bt\u0161ina vrcholk\u016f vd\u011b\u010d\u00ed za sv\u016fj vznik pr\u00e1v\u011b tomuto geomorfologick\u00e9mu jevu.&#13; V b\u00fdval\u00e9m t\u0159ebenick\u00e9m evangelick\u00e9m kostele bylo vybudov\u00e1no Muzeum \u010desk\u00e9ho gran\u00e1tu, mimo jin\u00e9 tu na v\u00e1s \u010dek\u00e1 nejv\u011bt\u0161\u00ed \u010cesk\u00fd gran\u00e1t, kter\u00fd v\u00e1\u017e\u00ed t\u00e9m\u011b\u0159 3 kg. Jsou tu um\u00edst\u011bny i osobn\u00ed \u0161perky nejv\u011bt\u0161\u00ed \u017eivotn\u00ed l\u00e1sky Johanna Wolfganga Goethe Ulriky von Levetzow.&#13; &#13; &#13; Hrad H\u00e1zmburk&#13; Bohat\u00e1 historie hradu H\u00e1zmburk sah\u00e1 a\u017e do poloviny 13. stolet\u00ed, zalo\u017eili jej p\u00e1ni z Lichtenburka a \u0161lo o velmi t\u011b\u017ece p\u0159\u00edstupnou stavbu. Hrad byl n\u011bkolikr\u00e1t p\u0159estavov\u00e1n a roz\u0161i\u0159ov\u00e1n a byl tak dokonale chr\u00e1n\u011bn p\u0159ed n\u00e1jezdn\u00edky, \u017ee se jej nikdy nepoda\u0159ilo dob\u00fdt. Uvnit\u0159 byly dokonce v neklidn\u00fdch \u010dasech st\u0159edov\u011bku ukryty cennosti z chr\u00e1mu sv. V\u00edta v Praze.&#13; Podobn\u011b, jako na v\u011bt\u0161in\u011b zdej\u0161\u00edch hor, tu do\u0161lo k sesuv\u016fm p\u016fdy, tyto v\u0161ak byly pro zdej\u0161\u00ed kopec katastrof\u00e1ln\u00ed. T\u0159i mohutn\u00e9 sesuvy v odstupu pouh\u00fdch n\u011bkolika let zasypaly t\u00e9m\u011b\u0159 stovku dom\u016f ve vesnici Klap\u00fd. Hradn\u00ed z\u0159\u00edcenina z\u016fstala zachov\u00e1na, ale teprve v roce 1994 tu zapo\u010daly v\u00fdznamn\u00e9 sana\u010dn\u00ed pr\u00e1ce a zavedena elekt\u0159ina. Od roku 1997 je hrad op\u011bt p\u0159\u00edstupn\u00fd ve\u0159ejnosti.&#13; &#13;                                                                                                                                                                                                                                                                                                                                                                                        4.5\/5 - (6 votes)        "},{"@context":"https:\/\/schema.org\/","@type":"BreadcrumbList","itemListElement":[{"@type":"ListItem","position":1,"name":"Za poklady \u010cesk\u00e9ho st\u0159edoho\u0159\u00ed","item":"https:\/\/www.smpw.cz\/za-poklady-ceskeho-stredohori\/#breadcrumbitem"}]}]